{"id":134,"date":"2024-12-29T22:07:18","date_gmt":"2024-12-30T03:07:18","guid":{"rendered":"https:\/\/dequehablacolombia.com\/?p=134"},"modified":"2024-12-29T22:07:18","modified_gmt":"2024-12-30T03:07:18","slug":"alvaro-uribe-arremete-contra-la-jep-por-video-sobre-los-doce-apostoles","status":"publish","type":"post","link":"https:\/\/dequehablacolombia.com\/?p=134","title":{"rendered":"\u00c1lvaro Uribe arremete contra la JEP por video sobre &#8216;Los Doce Ap\u00f3stoles&#8217;"},"content":{"rendered":"\n<p>El expresidente \u00c1lvaro Uribe V\u00e9lez arremeti\u00f3 de nuevo contra la Jurisdicci\u00f3n Especial para la Paz (JEP) por sus investigaciones en el botadero de basura conocido como La Escombrera \u2014ubicado en la Comuna 13 de Medell\u00edn\u2014, en donde se habr\u00edan encontrado cad\u00e1veres pertenecientes a v\u00edctimas de grupos armados que hac\u00edan presencia en esa zona.<\/p>\n\n\n\n<p>El exjefe de Estado asegur\u00f3 que la JEP miente y adem\u00e1s \u201cprevarica\u201d porque ha hecho parecer que los restos encontrados en el lugar corresponden a v\u00edctimas de la Fuerza P\u00fablica, a pesar de que, seg\u00fan \u00e9l, en ese lugar fueron abandonados cuerpos sin vida desde los a\u00f1os setenta por parte de los narcotraficantes.<\/p>\n\n\n\n<p>\u201cEl sesgo de la JEP contra los militares la lleva a insinuar que fueron miembros del Ej\u00e9rcito quienes arrojaron cad\u00e1veres a la escombrera. Tal informaci\u00f3n deber\u00eda ser judicializada y con pruebas\u201d, expres\u00f3 Uribe al respecto.<\/p>\n\n\n\n<p>Por otro lado, el exmandatario afirm\u00f3 que, contrario a lo manifestado por el tribunal de paz, los paramilitares hac\u00edan presencia en la Comuna 13 de Medell\u00edn desde el a\u00f1o 2000.<\/p>\n\n\n\n<p>Cabe recordar que la Operaci\u00f3n Ori\u00f3n, que se puso en marcha unos meses despu\u00e9s de iniciado su Gobierno, buscaba expulsar a todos los grupos ilegales que operaban en ese lugar del occidente de Medell\u00edn.<\/p>\n\n\n\n<p>El expresidente agreg\u00f3 sobre ese operativo que se hizo con los comandantes militares que ocupaban sus cargos antes de que \u00e9l llegara a la Presidencia.<\/p>\n\n\n\n<p>\u201cQue all\u00ed se arrojaban cad\u00e1veres ha sido evidente desde 1978. No es la JEP la que descubri\u00f3 que all\u00ed se arrojaban cad\u00e1veres. Adem\u00e1s, desinforma la JEP porque no es la primera vez que rescatan restos humanos\u201d, asegur\u00f3 el l\u00edder del Centro Democr\u00e1tico, quien se\u00f1al\u00f3 que se trata de una narrativa del \u201cpetrosantismo\u201d que tiene el objetivo de arruinar su reputaci\u00f3n.<\/p>\n\n\n\n<p>Esta reacci\u00f3n de Uribe V\u00e9lez se dio luego de que el pasado 18 de diciembre el tribunal de paz anunciara que, en coordinaci\u00f3n con la Unidad de B\u00fasqueda de Personas dadas por desaparecidas, se hallaron en La Escombrera \u201clas primeras estructuras \u00f3seas que podr\u00edan corresponder a personas desaparecidas en el marco del contexto del conflicto armado\u201d.<\/p>\n\n\n\n<p>.<\/p>\n","protected":false},"excerpt":{"rendered":"<p>El expresidente se\u00f1al\u00f3 que se deben proporcionar pruebas que demuestren  que miembros del Ej\u00e9rcito arrojaron cad\u00e1veres.<\/p>\n","protected":false},"author":1,"featured_media":135,"comment_status":"open","ping_status":"open","sticky":false,"template":"","format":"standard","meta":{"footnotes":""},"categories":[7,6],"tags":[],"class_list":["post-134","post","type-post","status-publish","format-standard","has-post-thumbnail","hentry","category-judiciales","category-politica"],"_links":{"self":[{"href":"https:\/\/dequehablacolombia.com\/index.php?rest_route=\/wp\/v2\/posts\/134","targetHints":{"allow":["GET"]}}],"collection":[{"href":"https:\/\/dequehablacolombia.com\/index.php?rest_route=\/wp\/v2\/posts"}],"about":[{"href":"https:\/\/dequehablacolombia.com\/index.php?rest_route=\/wp\/v2\/types\/post"}],"author":[{"embeddable":true,"href":"https:\/\/dequehablacolombia.com\/index.php?rest_route=\/wp\/v2\/users\/1"}],"replies":[{"embeddable":true,"href":"https:\/\/dequehablacolombia.com\/index.php?rest_route=%2Fwp%2Fv2%2Fcomments&post=134"}],"version-history":[{"count":1,"href":"https:\/\/dequehablacolombia.com\/index.php?rest_route=\/wp\/v2\/posts\/134\/revisions"}],"predecessor-version":[{"id":136,"href":"https:\/\/dequehablacolombia.com\/index.php?rest_route=\/wp\/v2\/posts\/134\/revisions\/136"}],"wp:featuredmedia":[{"embeddable":true,"href":"https:\/\/dequehablacolombia.com\/index.php?rest_route=\/wp\/v2\/media\/135"}],"wp:attachment":[{"href":"https:\/\/dequehablacolombia.com\/index.php?rest_route=%2Fwp%2Fv2%2Fmedia&parent=134"}],"wp:term":[{"taxonomy":"category","embeddable":true,"href":"https:\/\/dequehablacolombia.com\/index.php?rest_route=%2Fwp%2Fv2%2Fcategories&post=134"},{"taxonomy":"post_tag","embeddable":true,"href":"https:\/\/dequehablacolombia.com\/index.php?rest_route=%2Fwp%2Fv2%2Ftags&post=134"}],"curies":[{"name":"wp","href":"https:\/\/api.w.org\/{rel}","templated":true}]}}